{"id":355,"date":"2019-01-26T11:34:24","date_gmt":"2019-01-26T10:34:24","guid":{"rendered":"http:\/\/vitigad.fr\/?p=355"},"modified":"2019-01-26T11:34:24","modified_gmt":"2019-01-26T10:34:24","slug":"palisser-cest-un-metier","status":"publish","type":"post","link":"https:\/\/vitigad.fr\/index.php\/2019\/01\/26\/palisser-cest-un-metier\/","title":{"rendered":"Palisser&#8230; c&rsquo;est un m\u00e9tier !"},"content":{"rendered":"<p>Bonjour \u00e0 tous,<\/p>\n<p>\u00c7a fait maintenant trop longtemps que nous n&rsquo;avons pas partag\u00e9 avec vous.<br \/>\nVoici quelques photos de l&rsquo;un de nos chantiers de palissage r\u00e9alis\u00e9 dans l&rsquo;H\u00e9rault, des conditions d&rsquo;ex\u00e9cutions difficiles mais un rendu \u00e0 la hauteur de nos esp\u00e9rances.<\/p>\n<p>Bon weekend \u00e0 tous.<br \/>\nVitiGad.<\/p>\n<p>&nbsp;<\/p>\n<p><img loading=\"lazy\" class=\"alignnone size-full wp-image-349\" src=\"http:\/\/vitigad.fr\/wp-content\/uploads\/2019\/01\/PHOTO-2019-01-26-08-15-35.jpg\" alt=\"PHOTO-2019-01-26-08-15-35\" width=\"1024\" height=\"768\" srcset=\"https:\/\/vitigad.fr\/wp-content\/uploads\/2019\/01\/PHOTO-2019-01-26-08-15-35.jpg 1024w, https:\/\/vitigad.fr\/wp-content\/uploads\/2019\/01\/PHOTO-2019-01-26-08-15-35-300x225.jpg 300w, https:\/\/vitigad.fr\/wp-content\/uploads\/2019\/01\/PHOTO-2019-01-26-08-15-35-768x576.jpg 768w, https:\/\/vitigad.fr\/wp-content\/uploads\/2019\/01\/PHOTO-2019-01-26-08-15-35-830x623.jpg 830w, https:\/\/vitigad.fr\/wp-content\/uploads\/2019\/01\/PHOTO-2019-01-26-08-15-35-230x173.jpg 230w, https:\/\/vitigad.fr\/wp-content\/uploads\/2019\/01\/PHOTO-2019-01-26-08-15-35-350x263.jpg 350w, https:\/\/vitigad.fr\/wp-content\/uploads\/2019\/01\/PHOTO-2019-01-26-08-15-35-480x360.jpg 480w\" sizes=\"(max-width: 1024px) 100vw, 1024px\" \/><img loading=\"lazy\" class=\"alignnone size-full wp-image-348\" src=\"http:\/\/vitigad.fr\/wp-content\/uploads\/2019\/01\/PHOTO-2019-01-26-08-15-35-3.jpg\" alt=\"PHOTO-2019-01-26-08-15-35 3\" width=\"1024\" height=\"768\" srcset=\"https:\/\/vitigad.fr\/wp-content\/uploads\/2019\/01\/PHOTO-2019-01-26-08-15-35-3.jpg 1024w, https:\/\/vitigad.fr\/wp-content\/uploads\/2019\/01\/PHOTO-2019-01-26-08-15-35-3-300x225.jpg 300w, https:\/\/vitigad.fr\/wp-content\/uploads\/2019\/01\/PHOTO-2019-01-26-08-15-35-3-768x576.jpg 768w, https:\/\/vitigad.fr\/wp-content\/uploads\/2019\/01\/PHOTO-2019-01-26-08-15-35-3-830x623.jpg 830w, https:\/\/vitigad.fr\/wp-content\/uploads\/2019\/01\/PHOTO-2019-01-26-08-15-35-3-230x173.jpg 230w, https:\/\/vitigad.fr\/wp-content\/uploads\/2019\/01\/PHOTO-2019-01-26-08-15-35-3-350x263.jpg 350w, https:\/\/vitigad.fr\/wp-content\/uploads\/2019\/01\/PHOTO-2019-01-26-08-15-35-3-480x360.jpg 480w\" sizes=\"(max-width: 1024px) 100vw, 1024px\" \/><img loading=\"lazy\" class=\"alignnone size-full wp-image-347\" src=\"http:\/\/vitigad.fr\/wp-content\/uploads\/2019\/01\/PHOTO-2019-01-26-08-15-35-2.jpg\" alt=\"PHOTO-2019-01-26-08-15-35 2\" width=\"1024\" height=\"768\" srcset=\"https:\/\/vitigad.fr\/wp-content\/uploads\/2019\/01\/PHOTO-2019-01-26-08-15-35-2.jpg 1024w, https:\/\/vitigad.fr\/wp-content\/uploads\/2019\/01\/PHOTO-2019-01-26-08-15-35-2-300x225.jpg 300w, https:\/\/vitigad.fr\/wp-content\/uploads\/2019\/01\/PHOTO-2019-01-26-08-15-35-2-768x576.jpg 768w, https:\/\/vitigad.fr\/wp-content\/uploads\/2019\/01\/PHOTO-2019-01-26-08-15-35-2-830x623.jpg 830w, https:\/\/vitigad.fr\/wp-content\/uploads\/2019\/01\/PHOTO-2019-01-26-08-15-35-2-230x173.jpg 230w, https:\/\/vitigad.fr\/wp-content\/uploads\/2019\/01\/PHOTO-2019-01-26-08-15-35-2-350x263.jpg 350w, https:\/\/vitigad.fr\/wp-content\/uploads\/2019\/01\/PHOTO-2019-01-26-08-15-35-2-480x360.jpg 480w\" sizes=\"(max-width: 1024px) 100vw, 1024px\" \/><img loading=\"lazy\" class=\"alignnone size-full wp-image-346\" src=\"http:\/\/vitigad.fr\/wp-content\/uploads\/2019\/01\/PHOTO-2019-01-26-08-14-11-6.jpg\" alt=\"PHOTO-2019-01-26-08-14-11 6\" width=\"1024\" height=\"768\" srcset=\"https:\/\/vitigad.fr\/wp-content\/uploads\/2019\/01\/PHOTO-2019-01-26-08-14-11-6.jpg 1024w, https:\/\/vitigad.fr\/wp-content\/uploads\/2019\/01\/PHOTO-2019-01-26-08-14-11-6-300x225.jpg 300w, https:\/\/vitigad.fr\/wp-content\/uploads\/2019\/01\/PHOTO-2019-01-26-08-14-11-6-768x576.jpg 768w, https:\/\/vitigad.fr\/wp-content\/uploads\/2019\/01\/PHOTO-2019-01-26-08-14-11-6-830x623.jpg 830w, https:\/\/vitigad.fr\/wp-content\/uploads\/2019\/01\/PHOTO-2019-01-26-08-14-11-6-230x173.jpg 230w, https:\/\/vitigad.fr\/wp-content\/uploads\/2019\/01\/PHOTO-2019-01-26-08-14-11-6-350x263.jpg 350w, https:\/\/vitigad.fr\/wp-content\/uploads\/2019\/01\/PHOTO-2019-01-26-08-14-11-6-480x360.jpg 480w\" sizes=\"(max-width: 1024px) 100vw, 1024px\" \/><img loading=\"lazy\" class=\"alignnone size-full wp-image-345\" src=\"http:\/\/vitigad.fr\/wp-content\/uploads\/2019\/01\/PHOTO-2019-01-26-08-14-11-5.jpg\" alt=\"PHOTO-2019-01-26-08-14-11 5\" width=\"1024\" height=\"768\" srcset=\"https:\/\/vitigad.fr\/wp-content\/uploads\/2019\/01\/PHOTO-2019-01-26-08-14-11-5.jpg 1024w, https:\/\/vitigad.fr\/wp-content\/uploads\/2019\/01\/PHOTO-2019-01-26-08-14-11-5-300x225.jpg 300w, https:\/\/vitigad.fr\/wp-content\/uploads\/2019\/01\/PHOTO-2019-01-26-08-14-11-5-768x576.jpg 768w, https:\/\/vitigad.fr\/wp-content\/uploads\/2019\/01\/PHOTO-2019-01-26-08-14-11-5-830x623.jpg 830w, https:\/\/vitigad.fr\/wp-content\/uploads\/2019\/01\/PHOTO-2019-01-26-08-14-11-5-230x173.jpg 230w, https:\/\/vitigad.fr\/wp-content\/uploads\/2019\/01\/PHOTO-2019-01-26-08-14-11-5-350x263.jpg 350w, https:\/\/vitigad.fr\/wp-content\/uploads\/2019\/01\/PHOTO-2019-01-26-08-14-11-5-480x360.jpg 480w\" sizes=\"(max-width: 1024px) 100vw, 1024px\" \/><\/p>\n","protected":false},"excerpt":{"rendered":"<p>Bonjour \u00e0 tous, \u00c7a fait maintenant trop longtemps que nous n&rsquo;avons pas partag\u00e9 avec vous. Voici quelques photos de l&rsquo;un de nos chantiers de palissage r\u00e9alis\u00e9 dans l&rsquo;H\u00e9rault, des conditions d&rsquo;ex\u00e9cutions difficiles mais un rendu \u00e0 la hauteur de nos esp\u00e9rances. Bon weekend \u00e0 tous. VitiGad. &nbsp;<\/p>\n","protected":false},"author":1,"featured_media":343,"comment_status":"open","ping_status":"open","sticky":false,"template":"","format":"image","meta":{"spay_email":"","jetpack_publicize_message":"","jetpack_is_tweetstorm":false},"categories":[7],"tags":[],"jetpack_featured_media_url":"https:\/\/vitigad.fr\/wp-content\/uploads\/2019\/01\/PHOTO-2019-01-26-08-14-11-3.jpg","jetpack_publicize_connections":[],"yoast_head":"<!-- This site is optimized with the Yoast SEO plugin v15.9 - https:\/\/yoast.com\/wordpress\/plugins\/seo\/ -->\n<title>Palisser... c&#039;est un m\u00e9tier ! - VitiGad<\/title>\n<meta name=\"robots\" content=\"index, follow, max-snippet:-1, max-image-preview:large, max-video-preview:-1\" \/>\n<link rel=\"canonical\" href=\"https:\/\/vitigad.fr\/index.php\/2019\/01\/26\/palisser-cest-un-metier\/\" \/>\n<meta property=\"og:locale\" content=\"fr_FR\" \/>\n<meta property=\"og:type\" content=\"article\" \/>\n<meta property=\"og:title\" content=\"Palisser... c&#039;est un m\u00e9tier ! - VitiGad\" \/>\n<meta property=\"og:description\" content=\"Bonjour \u00e0 tous, \u00c7a fait maintenant trop longtemps que nous n&rsquo;avons pas partag\u00e9 avec vous. Voici quelques photos de l&rsquo;un de nos chantiers de palissage r\u00e9alis\u00e9 dans l&rsquo;H\u00e9rault, des conditions d&rsquo;ex\u00e9cutions difficiles mais un rendu \u00e0 la hauteur de nos esp\u00e9rances. Bon weekend \u00e0 tous. VitiGad. &nbsp;\" \/>\n<meta property=\"og:url\" content=\"https:\/\/vitigad.fr\/index.php\/2019\/01\/26\/palisser-cest-un-metier\/\" \/>\n<meta property=\"og:site_name\" content=\"VitiGad\" \/>\n<meta property=\"article:published_time\" content=\"2019-01-26T10:34:24+00:00\" \/>\n<meta property=\"og:image\" content=\"https:\/\/vitigad.fr\/wp-content\/uploads\/2019\/01\/PHOTO-2019-01-26-08-14-11-3.jpg\" \/>\n\t<meta property=\"og:image:width\" content=\"1024\" \/>\n\t<meta property=\"og:image:height\" content=\"768\" \/>\n<meta name=\"twitter:card\" content=\"summary_large_image\" \/>\n<script type=\"application\/ld+json\" class=\"yoast-schema-graph\">{\"@context\":\"https:\/\/schema.org\",\"@graph\":[{\"@type\":\"WebSite\",\"@id\":\"https:\/\/vitigad.fr\/#website\",\"url\":\"https:\/\/vitigad.fr\/\",\"name\":\"VitiGad\",\"description\":\"\",\"potentialAction\":[{\"@type\":\"SearchAction\",\"target\":\"https:\/\/vitigad.fr\/?s={search_term_string}\",\"query-input\":\"required name=search_term_string\"}],\"inLanguage\":\"fr-FR\"},{\"@type\":\"ImageObject\",\"@id\":\"https:\/\/vitigad.fr\/index.php\/2019\/01\/26\/palisser-cest-un-metier\/#primaryimage\",\"inLanguage\":\"fr-FR\",\"url\":\"https:\/\/vitigad.fr\/wp-content\/uploads\/2019\/01\/PHOTO-2019-01-26-08-14-11-3.jpg\",\"width\":1024,\"height\":768},{\"@type\":\"WebPage\",\"@id\":\"https:\/\/vitigad.fr\/index.php\/2019\/01\/26\/palisser-cest-un-metier\/#webpage\",\"url\":\"https:\/\/vitigad.fr\/index.php\/2019\/01\/26\/palisser-cest-un-metier\/\",\"name\":\"Palisser... c'est un m\\u00e9tier ! - VitiGad\",\"isPartOf\":{\"@id\":\"https:\/\/vitigad.fr\/#website\"},\"primaryImageOfPage\":{\"@id\":\"https:\/\/vitigad.fr\/index.php\/2019\/01\/26\/palisser-cest-un-metier\/#primaryimage\"},\"datePublished\":\"2019-01-26T10:34:24+00:00\",\"dateModified\":\"2019-01-26T10:34:24+00:00\",\"author\":{\"@id\":\"https:\/\/vitigad.fr\/#\/schema\/person\/60035a4276794e4d3af409c0186c4f38\"},\"breadcrumb\":{\"@id\":\"https:\/\/vitigad.fr\/index.php\/2019\/01\/26\/palisser-cest-un-metier\/#breadcrumb\"},\"inLanguage\":\"fr-FR\",\"potentialAction\":[{\"@type\":\"ReadAction\",\"target\":[\"https:\/\/vitigad.fr\/index.php\/2019\/01\/26\/palisser-cest-un-metier\/\"]}]},{\"@type\":\"BreadcrumbList\",\"@id\":\"https:\/\/vitigad.fr\/index.php\/2019\/01\/26\/palisser-cest-un-metier\/#breadcrumb\",\"itemListElement\":[{\"@type\":\"ListItem\",\"position\":1,\"item\":{\"@type\":\"WebPage\",\"@id\":\"https:\/\/vitigad.fr\/\",\"url\":\"https:\/\/vitigad.fr\/\",\"name\":\"Accueil\"}},{\"@type\":\"ListItem\",\"position\":2,\"item\":{\"@type\":\"WebPage\",\"@id\":\"https:\/\/vitigad.fr\/index.php\/2019\/01\/26\/palisser-cest-un-metier\/\",\"url\":\"https:\/\/vitigad.fr\/index.php\/2019\/01\/26\/palisser-cest-un-metier\/\",\"name\":\"Palisser&#8230; c&rsquo;est un m\\u00e9tier !\"}}]},{\"@type\":\"Person\",\"@id\":\"https:\/\/vitigad.fr\/#\/schema\/person\/60035a4276794e4d3af409c0186c4f38\",\"name\":\"L'\\u00e9quipe VitiGad\",\"image\":{\"@type\":\"ImageObject\",\"@id\":\"https:\/\/vitigad.fr\/#personlogo\",\"inLanguage\":\"fr-FR\",\"url\":\"https:\/\/secure.gravatar.com\/avatar\/754ad8175b2c0a251db67d19620608ce?s=96&d=mm&r=g\",\"caption\":\"L'\\u00e9quipe VitiGad\"}}]}<\/script>\n<!-- \/ Yoast SEO plugin. -->","jetpack_sharing_enabled":true,"jetpack_shortlink":"https:\/\/wp.me\/pamHgi-5J","_links":{"self":[{"href":"https:\/\/vitigad.fr\/index.php\/wp-json\/wp\/v2\/posts\/355"}],"collection":[{"href":"https:\/\/vitigad.fr\/index.php\/wp-json\/wp\/v2\/posts"}],"about":[{"href":"https:\/\/vitigad.fr\/index.php\/wp-json\/wp\/v2\/types\/post"}],"author":[{"embeddable":true,"href":"https:\/\/vitigad.fr\/index.php\/wp-json\/wp\/v2\/users\/1"}],"replies":[{"embeddable":true,"href":"https:\/\/vitigad.fr\/index.php\/wp-json\/wp\/v2\/comments?post=355"}],"version-history":[{"count":1,"href":"https:\/\/vitigad.fr\/index.php\/wp-json\/wp\/v2\/posts\/355\/revisions"}],"predecessor-version":[{"id":356,"href":"https:\/\/vitigad.fr\/index.php\/wp-json\/wp\/v2\/posts\/355\/revisions\/356"}],"wp:featuredmedia":[{"embeddable":true,"href":"https:\/\/vitigad.fr\/index.php\/wp-json\/wp\/v2\/media\/343"}],"wp:attachment":[{"href":"https:\/\/vitigad.fr\/index.php\/wp-json\/wp\/v2\/media?parent=355"}],"wp:term":[{"taxonomy":"category","embeddable":true,"href":"https:\/\/vitigad.fr\/index.php\/wp-json\/wp\/v2\/categories?post=355"},{"taxonomy":"post_tag","embeddable":true,"href":"https:\/\/vitigad.fr\/index.php\/wp-json\/wp\/v2\/tags?post=355"}],"curies":[{"name":"wp","href":"https:\/\/api.w.org\/{rel}","templated":true}]}}